{"id":474,"date":"2018-11-19T21:36:11","date_gmt":"2018-11-19T20:36:11","guid":{"rendered":"https:\/\/kfv.entwicklers.de\/?p=474"},"modified":"2018-11-19T21:36:11","modified_gmt":"2018-11-19T20:36:11","slug":"verbandsversammlung-am-16-11-2018","status":"publish","type":"post","link":"https:\/\/kfv.entwicklers.de\/?p=474","title":{"rendered":"Verbandsversammlung am 16.11. 2018"},"content":{"rendered":"<p><img decoding=\"async\" class=\"alignright size-thumbnail wp-image-469\" src=\"https:\/\/kfv-bitburg-pruem.homepage.t-online.de\/wordpress\/wp-content\/uploads\/2018\/11\/WhatsApp-Image-2018-11-19-at-15.39.44-150x150.jpeg\" alt=\"\" width=\"150\" height=\"150\" \/>Am 16.11.2018 trafen sich die Delegierten des Kreisfeuerwehrverbandes Eifelkreis Bitburg-Pr\u00fcm auf Einladung des Vorstandes zu einer zweiten Verbandsversammlung im laufenden Jahr. Diese zweite Verbandsversammlung des Jahres 2018 fand im gro\u00dfen Sitzungssaal der Kreisverwaltung statt, der uns dankenswerter Weise vom Hausherren zur Verf\u00fcgung gestellt wurde.<br \/>\nNotwendig geworden war diese Versammlung durch eine zeitnah zu realisierende Aktualisierung der Satzung aus dem Jahr 2012 im Zusammenhang mit der Pr\u00fcfung der Gemeinn\u00fctzigkeit des Verbandes. Um den heutigen Anforderungen der Finanzbeh\u00f6rden Rechnung zu tragen, hatte der Vorstand einen Vorschlag zur Anpassung der Satzung erarbeitet, der an diesem Abend den 44 anwesenden Delegierten vorgestellt wurde.<br \/>\nNachdem Fragen bzgl. der Satzungs\u00e4nderung zur Zufriedenheit der Delegierten beantwortet wurden, wurde die \u00c4nderung der Satzung durch die Verbandsversammlung einstimmig beschlossen.<\/p>\n<p><img decoding=\"async\" class=\"size-thumbnail wp-image-468 alignleft\" src=\"https:\/\/kfv-bitburg-pruem.homepage.t-online.de\/wordpress\/wp-content\/uploads\/2018\/11\/WhatsApp-Image-2018-11-19-at-15.39.42-150x150.jpeg\" alt=\"\" width=\"150\" height=\"150\" \/>Trotz einer eher eint\u00f6nig anmutenden Tagesordnung, auf der eben nur dieser eine Punkt der Satzungs\u00e4nderung stand, darf die Verbandsversammlung mit der Anwesenheit von Vorstand und 44 Delegierten als sehr gut besucht bezeichnet werden.<br \/>\nDie Nachfragen aus dem Plenum zeigten aber, das auch an diesem eher eint\u00f6nigen Thema ein reges Interesse besteht und die Mitglieder am Leben und Wirken des Verbandes Anteil nehmen und interessiert sind.<\/p>\n<p>Zum Ende der Versammlung konnten f\u00fcr das kommende Jahr nicht nur zahlreiche Seminartage angek\u00fcndigt werden, sonder die Delegierten trafen sich anschlie\u00dfend noch abseits des Versammlungsaales zu einem regen und sehr freundschaftlichem Austausch.<\/p>\n<p>Wir danken allen angereisten Delegierten f\u00fcr die M\u00fche, sich trotz eines trockenen Themas auf den Weg zum Verband gemacht zu haben und damit zum Gelingen der Versammlung beigetragen haben.<\/p>\n","protected":false},"excerpt":{"rendered":"<p>Am 16.11.2018 trafen sich die Delegierten des Kreisfeuerwehrverbandes Eifelkreis Bitburg-Pr\u00fcm auf Einladung des Vorstandes zu einer zweiten Verbandsversammlung im laufenden [&hellip;]<\/p>\n","protected":false},"author":1,"featured_media":469,"comment_status":"open","ping_status":"open","sticky":false,"template":"","format":"standard","meta":{"site-sidebar-layout":"default","site-content-layout":"","ast-site-content-layout":"default","site-content-style":"default","site-sidebar-style":"default","ast-global-header-display":"","ast-banner-title-visibility":"","ast-main-header-display":"","ast-hfb-above-header-display":"","ast-hfb-below-header-display":"","ast-hfb-mobile-header-display":"","site-post-title":"","ast-breadcrumbs-content":"","ast-featured-img":"","footer-sml-layout":"","ast-disable-related-posts":"","theme-transparent-header-meta":"","adv-header-id-meta":"","stick-header-meta":"","header-above-stick-meta":"","header-main-stick-meta":"","header-below-stick-meta":"","astra-migrate-meta-layouts":"default","ast-page-background-enabled":"default","ast-page-background-meta":{"desktop":{"background-color":"var(--ast-global-color-5)","background-image":"","background-repeat":"repeat","background-position":"center center","background-size":"auto","background-attachment":"scroll","background-type":"","background-media":"","overlay-type":"","overlay-color":"","overlay-opacity":"","overlay-gradient":""},"tablet":{"background-color":"","background-image":"","background-repeat":"repeat","background-position":"center center","background-size":"auto","background-attachment":"scroll","background-type":"","background-media":"","overlay-type":"","overlay-color":"","overlay-opacity":"","overlay-gradient":""},"mobile":{"background-color":"","background-image":"","background-repeat":"repeat","background-position":"center center","background-size":"auto","background-attachment":"scroll","background-type":"","background-media":"","overlay-type":"","overlay-color":"","overlay-opacity":"","overlay-gradient":""}},"ast-content-background-meta":{"desktop":{"background-color":"var(--ast-global-color-4)","background-image":"","background-repeat":"repeat","background-position":"center center","background-size":"auto","background-attachment":"scroll","background-type":"","background-media":"","overlay-type":"","overlay-color":"","overlay-opacity":"","overlay-gradient":""},"tablet":{"background-color":"var(--ast-global-color-4)","background-image":"","background-repeat":"repeat","background-position":"center center","background-size":"auto","background-attachment":"scroll","background-type":"","background-media":"","overlay-type":"","overlay-color":"","overlay-opacity":"","overlay-gradient":""},"mobile":{"background-color":"var(--ast-global-color-4)","background-image":"","background-repeat":"repeat","background-position":"center center","background-size":"auto","background-attachment":"scroll","background-type":"","background-media":"","overlay-type":"","overlay-color":"","overlay-opacity":"","overlay-gradient":""}},"footnotes":""},"categories":[5],"tags":[],"class_list":["post-474","post","type-post","status-publish","format-standard","has-post-thumbnail","hentry","category-kfv"],"_links":{"self":[{"href":"https:\/\/kfv.entwicklers.de\/index.php?rest_route=\/wp\/v2\/posts\/474","targetHints":{"allow":["GET"]}}],"collection":[{"href":"https:\/\/kfv.entwicklers.de\/index.php?rest_route=\/wp\/v2\/posts"}],"about":[{"href":"https:\/\/kfv.entwicklers.de\/index.php?rest_route=\/wp\/v2\/types\/post"}],"author":[{"embeddable":true,"href":"https:\/\/kfv.entwicklers.de\/index.php?rest_route=\/wp\/v2\/users\/1"}],"replies":[{"embeddable":true,"href":"https:\/\/kfv.entwicklers.de\/index.php?rest_route=%2Fwp%2Fv2%2Fcomments&post=474"}],"version-history":[{"count":1,"href":"https:\/\/kfv.entwicklers.de\/index.php?rest_route=\/wp\/v2\/posts\/474\/revisions"}],"predecessor-version":[{"id":475,"href":"https:\/\/kfv.entwicklers.de\/index.php?rest_route=\/wp\/v2\/posts\/474\/revisions\/475"}],"wp:featuredmedia":[{"embeddable":true,"href":"https:\/\/kfv.entwicklers.de\/index.php?rest_route=\/wp\/v2\/media\/469"}],"wp:attachment":[{"href":"https:\/\/kfv.entwicklers.de\/index.php?rest_route=%2Fwp%2Fv2%2Fmedia&parent=474"}],"wp:term":[{"taxonomy":"category","embeddable":true,"href":"https:\/\/kfv.entwicklers.de\/index.php?rest_route=%2Fwp%2Fv2%2Fcategories&post=474"},{"taxonomy":"post_tag","embeddable":true,"href":"https:\/\/kfv.entwicklers.de\/index.php?rest_route=%2Fwp%2Fv2%2Ftags&post=474"}],"curies":[{"name":"wp","href":"https:\/\/api.w.org\/{rel}","templated":true}]}}