{"id":376,"date":"2017-04-08T07:31:29","date_gmt":"2017-04-08T05:31:29","guid":{"rendered":"https:\/\/kfv.entwicklers.de\/?p=376"},"modified":"2017-04-08T07:32:35","modified_gmt":"2017-04-08T05:32:35","slug":"seminar-presse-und-oeffentlichkeitsarbeit","status":"publish","type":"post","link":"https:\/\/kfv.entwicklers.de\/?p=376","title":{"rendered":"Seminar Presse- und \u00d6ffentlichkeitsarbeit"},"content":{"rendered":"<p>Am 2<a href=\"https:\/\/kfv-bitburg-pruem.homepage.t-online.de\/wordpress\/wp-content\/uploads\/2017\/04\/IMG_20170325_1335063_klein.jpg\"><img decoding=\"async\" class=\"size-thumbnail wp-image-380 alignleft\" src=\"https:\/\/kfv-bitburg-pruem.homepage.t-online.de\/wordpress\/wp-content\/uploads\/2017\/04\/IMG_20170325_1335063_klein-150x150.jpg\" alt=\"\" width=\"150\" height=\"150\" \/><\/a>5. M\u00e4rz konnten wir 10 Teilnehmer f\u00fcr das Seminar Presse- und \u00d6ffentlichkeitsarbeit f\u00fcr Feuerwehren und F\u00f6rdervereine in den R\u00e4umlichkeiten der Freiwilligen Feuerwehr Idesheim begr\u00fc\u00dfen.<br \/>\nDie Kameraden aus Idesheim stellten dankenswerter Weise nicht nur die R\u00e4umlichkieten zur Verf\u00fcgung, sondern \u00fcbernahmen auch gleich die gesamte Organisation vor Ort, k\u00fcmmerten sich um die Tagungsgetr\u00e4nke und organisierten in unserem Auftrag das Mittagessen und die Verpflegung der Teilnehmer. Am Nachmittag stellten die Kameraden aus Idesheim dann auch noch einen kleinen Unfall nach, um den Teilnehmern bei einer praktischen \u00dcbung des Erlernten auch damit zur Seite zu stehen.<\/p>\n<p>Insgesamt erlenten die Teilnehmer unter Leitung des Medienreferenten des LFV, Eckhard <a href=\"https:\/\/kfv-bitburg-pruem.homepage.t-online.de\/wordpress\/wp-content\/uploads\/2017\/04\/IMG_20170325_1335224_klein.jpg\"><img decoding=\"async\" class=\"alignright size-thumbnail wp-image-381\" src=\"https:\/\/kfv-bitburg-pruem.homepage.t-online.de\/wordpress\/wp-content\/uploads\/2017\/04\/IMG_20170325_1335224_klein-150x150.jpg\" alt=\"\" width=\"150\" height=\"150\" \/><\/a>Schwabe, an diesem Tag grundlegendes zur Pressearbeit. Themen wie Internetrecht, verfassen von Meldungen und besonders die rechtlichen Aspekte der Fotografie an der Einsatzstelle und vieles mehr waren Gegenstand der Ausf\u00fchrungen und alle Teilnehmer konnten am Nachmittag mit vielen neuen und hilfreichen Informationen den Weg nach Hause wieder antreten.<a href=\"https:\/\/kfv-bitburg-pruem.homepage.t-online.de\/wordpress\/wp-content\/uploads\/2017\/04\/IMG_20170325_1339365_klein.jpg\"><img decoding=\"async\" class=\"size-thumbnail wp-image-382 aligncenter\" src=\"https:\/\/kfv-bitburg-pruem.homepage.t-online.de\/wordpress\/wp-content\/uploads\/2017\/04\/IMG_20170325_1339365_klein-150x150.jpg\" alt=\"\" width=\"150\" height=\"150\" \/><\/a><\/p>\n<p>Es war ein gelungener Tag und wir werden bei ausreichendem Interesse dieses Seminar gerne ein weiteres Mal anbieten.<\/p>\n","protected":false},"excerpt":{"rendered":"<p>Am 25. M\u00e4rz konnten wir 10 Teilnehmer f\u00fcr das Seminar Presse- und \u00d6ffentlichkeitsarbeit f\u00fcr Feuerwehren und F\u00f6rdervereine in den R\u00e4umlichkeiten [&hellip;]<\/p>\n","protected":false},"author":1,"featured_media":0,"comment_status":"open","ping_status":"open","sticky":false,"template":"","format":"standard","meta":{"site-sidebar-layout":"default","site-content-layout":"","ast-site-content-layout":"default","site-content-style":"default","site-sidebar-style":"default","ast-global-header-display":"","ast-banner-title-visibility":"","ast-main-header-display":"","ast-hfb-above-header-display":"","ast-hfb-below-header-display":"","ast-hfb-mobile-header-display":"","site-post-title":"","ast-breadcrumbs-content":"","ast-featured-img":"","footer-sml-layout":"","ast-disable-related-posts":"","theme-transparent-header-meta":"","adv-header-id-meta":"","stick-header-meta":"","header-above-stick-meta":"","header-main-stick-meta":"","header-below-stick-meta":"","astra-migrate-meta-layouts":"default","ast-page-background-enabled":"default","ast-page-background-meta":{"desktop":{"background-color":"var(--ast-global-color-5)","background-image":"","background-repeat":"repeat","background-position":"center center","background-size":"auto","background-attachment":"scroll","background-type":"","background-media":"","overlay-type":"","overlay-color":"","overlay-opacity":"","overlay-gradient":""},"tablet":{"background-color":"","background-image":"","background-repeat":"repeat","background-position":"center center","background-size":"auto","background-attachment":"scroll","background-type":"","background-media":"","overlay-type":"","overlay-color":"","overlay-opacity":"","overlay-gradient":""},"mobile":{"background-color":"","background-image":"","background-repeat":"repeat","background-position":"center center","background-size":"auto","background-attachment":"scroll","background-type":"","background-media":"","overlay-type":"","overlay-color":"","overlay-opacity":"","overlay-gradient":""}},"ast-content-background-meta":{"desktop":{"background-color":"var(--ast-global-color-4)","background-image":"","background-repeat":"repeat","background-position":"center center","background-size":"auto","background-attachment":"scroll","background-type":"","background-media":"","overlay-type":"","overlay-color":"","overlay-opacity":"","overlay-gradient":""},"tablet":{"background-color":"var(--ast-global-color-4)","background-image":"","background-repeat":"repeat","background-position":"center center","background-size":"auto","background-attachment":"scroll","background-type":"","background-media":"","overlay-type":"","overlay-color":"","overlay-opacity":"","overlay-gradient":""},"mobile":{"background-color":"var(--ast-global-color-4)","background-image":"","background-repeat":"repeat","background-position":"center center","background-size":"auto","background-attachment":"scroll","background-type":"","background-media":"","overlay-type":"","overlay-color":"","overlay-opacity":"","overlay-gradient":""}},"footnotes":""},"categories":[5,17],"tags":[],"class_list":["post-376","post","type-post","status-publish","format-standard","hentry","category-kfv","category-seminare-und-ausbildung"],"_links":{"self":[{"href":"https:\/\/kfv.entwicklers.de\/index.php?rest_route=\/wp\/v2\/posts\/376","targetHints":{"allow":["GET"]}}],"collection":[{"href":"https:\/\/kfv.entwicklers.de\/index.php?rest_route=\/wp\/v2\/posts"}],"about":[{"href":"https:\/\/kfv.entwicklers.de\/index.php?rest_route=\/wp\/v2\/types\/post"}],"author":[{"embeddable":true,"href":"https:\/\/kfv.entwicklers.de\/index.php?rest_route=\/wp\/v2\/users\/1"}],"replies":[{"embeddable":true,"href":"https:\/\/kfv.entwicklers.de\/index.php?rest_route=%2Fwp%2Fv2%2Fcomments&post=376"}],"version-history":[{"count":2,"href":"https:\/\/kfv.entwicklers.de\/index.php?rest_route=\/wp\/v2\/posts\/376\/revisions"}],"predecessor-version":[{"id":384,"href":"https:\/\/kfv.entwicklers.de\/index.php?rest_route=\/wp\/v2\/posts\/376\/revisions\/384"}],"wp:attachment":[{"href":"https:\/\/kfv.entwicklers.de\/index.php?rest_route=%2Fwp%2Fv2%2Fmedia&parent=376"}],"wp:term":[{"taxonomy":"category","embeddable":true,"href":"https:\/\/kfv.entwicklers.de\/index.php?rest_route=%2Fwp%2Fv2%2Fcategories&post=376"},{"taxonomy":"post_tag","embeddable":true,"href":"https:\/\/kfv.entwicklers.de\/index.php?rest_route=%2Fwp%2Fv2%2Ftags&post=376"}],"curies":[{"name":"wp","href":"https:\/\/api.w.org\/{rel}","templated":true}]}}