{"id":224,"date":"2016-01-11T19:22:37","date_gmt":"2016-01-11T18:22:37","guid":{"rendered":"https:\/\/kfv.entwicklers.de\/?p=224"},"modified":"2016-01-11T19:22:37","modified_gmt":"2016-01-11T18:22:37","slug":"rueckschau-brandschutzforum-2015","status":"publish","type":"post","link":"https:\/\/kfv.entwicklers.de\/?p=224","title":{"rendered":"R\u00fcckschau Brandschutzforum 2015"},"content":{"rendered":"<p>Beim Brandschutzforum 2015 (6.\/7.11.) in Frankfurt am Main wurde der Kreisfeuerwehrverband Bitburg-Pr\u00fcm durch unseren KFI J\u00fcrgen Larisch als Referenten vertreten.<\/p>\n<p>Bei diesem Brandschutzforum handelt es sich um das gr\u00f6\u00dfte, j\u00e4hrlich wiederkehrende Expertentreffen f\u00fcr die Brandschutzerziehung und -aufkl\u00e4rung in Deutschland.<br \/>\nVeranstaltet wird es vom Deutschen Feuerwehrverband (DFV) und der Vereinigung zur F\u00f6rderung des deutschen Brandschutzes (vfdb).<\/p>\n<p>2015 war die Feuerwehr Frankfurt a. M. Gastgeber. In ihrem Feuerwehr und Rettungs-Trainings-Center (FRTC) waren ideale Bedingungen f\u00fcr die 250 Teilnehmer, die sich in insgesamt 17 Workshops zu Erfahrungen, Neuigkeiten und Trends der Brandschutzerziehung informieren konnten.<\/p>\n<p>In seinem Vortrag stellte J\u00fcrgen Larisch als Vertreter des Kreisfeuerwehrverbandes Eifelkreis Bitburg-Pr\u00fcm e.V. insbesondere die M\u00f6glichkeiten der Zusammenarbeit, nicht nur zwischen den Hilfsorganisationen und den Feuerwehrverb\u00e4nden, sondern auch mit dem Haus der Jugend in Bitburg, aber auch anderen Organisationen und Institutionen in den Vordergrund.<\/p>\n<p>Themen weiterer Referenten waren beispielsweise:<br \/>\nBrandschutzerziehung in Kinderg\u00e4rten, Schulen, Asylunterk\u00fcnften, bei Senioren, Menschen mit Behinderung, sowie die Themen Inklusion, Pyrotechnik, Brandverletzungen usw.<\/p>\n<p>Ein Teil der Vortr\u00e4ge des Brandschutzforums 2015 ist abrufbar unter:<\/p>\n<p><a href=\"http:\/\/www.brandschutzaufklaerung.de\/Tagungsunterlagen.32.0.html\">http:\/\/www.brandschutzaufklaerung.de\/Tagungsunterlagen.32.0.html<\/a><\/p>\n<p>Im Jahr 2016 findet das Forum am 4. \/ 5. November an der Feuerwehrschule in W\u00fcrzburg statt. Eine gute M\u00f6glichkeit f\u00fcr alle mit Brandschutzerziehung und \u2013aufkl\u00e4rung in unserem Eifelkreis betraute Personen sich dann auf den neuesten Stand zu bringen. Informationen zum Forum und grunds\u00e4tzlich zur Brandschutzerziehung\/ -aufkl\u00e4rung findet ihr hier:<\/p>\n<p><a href=\"http:\/\/www.brandschutzaufklaerung.de\">http:\/\/www.brandschutzaufklaerung.de<\/a><\/p>\n","protected":false},"excerpt":{"rendered":"<p>Beim Brandschutzforum 2015 (6.\/7.11.) in Frankfurt am Main wurde der Kreisfeuerwehrverband Bitburg-Pr\u00fcm durch unseren KFI J\u00fcrgen Larisch als Referenten vertreten. [&hellip;]<\/p>\n","protected":false},"author":1,"featured_media":0,"comment_status":"open","ping_status":"open","sticky":false,"template":"","format":"standard","meta":{"site-sidebar-layout":"default","site-content-layout":"","ast-site-content-layout":"default","site-content-style":"default","site-sidebar-style":"default","ast-global-header-display":"","ast-banner-title-visibility":"","ast-main-header-display":"","ast-hfb-above-header-display":"","ast-hfb-below-header-display":"","ast-hfb-mobile-header-display":"","site-post-title":"","ast-breadcrumbs-content":"","ast-featured-img":"","footer-sml-layout":"","ast-disable-related-posts":"","theme-transparent-header-meta":"","adv-header-id-meta":"","stick-header-meta":"","header-above-stick-meta":"","header-main-stick-meta":"","header-below-stick-meta":"","astra-migrate-meta-layouts":"default","ast-page-background-enabled":"default","ast-page-background-meta":{"desktop":{"background-color":"var(--ast-global-color-5)","background-image":"","background-repeat":"repeat","background-position":"center center","background-size":"auto","background-attachment":"scroll","background-type":"","background-media":"","overlay-type":"","overlay-color":"","overlay-opacity":"","overlay-gradient":""},"tablet":{"background-color":"","background-image":"","background-repeat":"repeat","background-position":"center center","background-size":"auto","background-attachment":"scroll","background-type":"","background-media":"","overlay-type":"","overlay-color":"","overlay-opacity":"","overlay-gradient":""},"mobile":{"background-color":"","background-image":"","background-repeat":"repeat","background-position":"center center","background-size":"auto","background-attachment":"scroll","background-type":"","background-media":"","overlay-type":"","overlay-color":"","overlay-opacity":"","overlay-gradient":""}},"ast-content-background-meta":{"desktop":{"background-color":"var(--ast-global-color-4)","background-image":"","background-repeat":"repeat","background-position":"center center","background-size":"auto","background-attachment":"scroll","background-type":"","background-media":"","overlay-type":"","overlay-color":"","overlay-opacity":"","overlay-gradient":""},"tablet":{"background-color":"var(--ast-global-color-4)","background-image":"","background-repeat":"repeat","background-position":"center center","background-size":"auto","background-attachment":"scroll","background-type":"","background-media":"","overlay-type":"","overlay-color":"","overlay-opacity":"","overlay-gradient":""},"mobile":{"background-color":"var(--ast-global-color-4)","background-image":"","background-repeat":"repeat","background-position":"center center","background-size":"auto","background-attachment":"scroll","background-type":"","background-media":"","overlay-type":"","overlay-color":"","overlay-opacity":"","overlay-gradient":""}},"footnotes":""},"categories":[8,5],"tags":[],"class_list":["post-224","post","type-post","status-publish","format-standard","hentry","category-brandschutz","category-kfv"],"_links":{"self":[{"href":"https:\/\/kfv.entwicklers.de\/index.php?rest_route=\/wp\/v2\/posts\/224","targetHints":{"allow":["GET"]}}],"collection":[{"href":"https:\/\/kfv.entwicklers.de\/index.php?rest_route=\/wp\/v2\/posts"}],"about":[{"href":"https:\/\/kfv.entwicklers.de\/index.php?rest_route=\/wp\/v2\/types\/post"}],"author":[{"embeddable":true,"href":"https:\/\/kfv.entwicklers.de\/index.php?rest_route=\/wp\/v2\/users\/1"}],"replies":[{"embeddable":true,"href":"https:\/\/kfv.entwicklers.de\/index.php?rest_route=%2Fwp%2Fv2%2Fcomments&post=224"}],"version-history":[{"count":1,"href":"https:\/\/kfv.entwicklers.de\/index.php?rest_route=\/wp\/v2\/posts\/224\/revisions"}],"predecessor-version":[{"id":225,"href":"https:\/\/kfv.entwicklers.de\/index.php?rest_route=\/wp\/v2\/posts\/224\/revisions\/225"}],"wp:attachment":[{"href":"https:\/\/kfv.entwicklers.de\/index.php?rest_route=%2Fwp%2Fv2%2Fmedia&parent=224"}],"wp:term":[{"taxonomy":"category","embeddable":true,"href":"https:\/\/kfv.entwicklers.de\/index.php?rest_route=%2Fwp%2Fv2%2Fcategories&post=224"},{"taxonomy":"post_tag","embeddable":true,"href":"https:\/\/kfv.entwicklers.de\/index.php?rest_route=%2Fwp%2Fv2%2Ftags&post=224"}],"curies":[{"name":"wp","href":"https:\/\/api.w.org\/{rel}","templated":true}]}}